{"id":260,"date":"2019-04-09T13:00:32","date_gmt":"2019-04-09T13:00:32","guid":{"rendered":"https:\/\/www.virgendelacabezacolomera.org\/?p=260"},"modified":"2025-03-05T12:53:43","modified_gmt":"2025-03-05T12:53:43","slug":"convocatoria-junta-general-ordinaria-30-03-2019","status":"publish","type":"post","link":"https:\/\/www.virgendelacabezacolomera.org\/?p=260","title":{"rendered":"Convocatoria Junta General Ordinaria 30-03-2019"},"content":{"rendered":"\n<p><a href=\"https:\/\/www.virgendelacabezacolomera.org\/wp-content\/uploads\/2019\/04\/CONVOCATORIA.pdf\">Convocatoria Junta General Ordinaria 30-03-2019<\/a><\/p>\n\n\n\n<p><\/p>\n","protected":false},"excerpt":{"rendered":"<p>Convocatoria Junta General Ordinaria 30-03-2019<\/p>\n","protected":false},"author":1,"featured_media":0,"comment_status":"closed","ping_status":"closed","sticky":false,"template":"","format":"standard","meta":{"neve_meta_sidebar":"","neve_meta_container":"","neve_meta_enable_content_width":"","neve_meta_content_width":0,"neve_meta_title_alignment":"","neve_meta_author_avatar":"","neve_post_elements_order":"","neve_meta_disable_header":"","neve_meta_disable_footer":"","neve_meta_disable_title":"","jetpack_post_was_ever_published":false,"_jetpack_newsletter_access":"","_jetpack_dont_email_post_to_subs":false,"_jetpack_newsletter_tier_id":0,"_jetpack_memberships_contains_paywalled_content":false,"_jetpack_memberships_contains_paid_content":false,"footnotes":"","jetpack_publicize_message":"","jetpack_publicize_feature_enabled":true,"jetpack_social_post_already_shared":true,"jetpack_social_options":{"image_generator_settings":{"template":"highway","default_image_id":0,"font":"","enabled":false},"version":2}},"categories":[5],"tags":[],"class_list":["post-260","post","type-post","status-publish","format-standard","hentry","category-noticias"],"jetpack_publicize_connections":[],"jetpack_featured_media_url":"","jetpack_sharing_enabled":true,"jetpack_shortlink":"https:\/\/wp.me\/paxVsa-4c","jetpack-related-posts":[{"id":246,"url":"https:\/\/www.virgendelacabezacolomera.org\/?p=246","url_meta":{"origin":260,"position":0},"title":"Presentaci\u00f3n Cartel Romer\u00eda 2019","author":"admin","date":"17\/02\/2019","format":"image","excerpt":"La Junta de Gobierno de la Real e Ilustre Cofrad\u00eda Virgen de la Cabeza de Colomera, di\u00f3 ayer s\u00e1bado 16 de febrero, el visto bueno al Cartel de la Romer\u00eda de la Virgen de la Cabeza de Colomera.","rel":"","context":"En \u00abNoticias\u00bb","block_context":{"text":"Noticias","link":"https:\/\/www.virgendelacabezacolomera.org\/?cat=5"},"img":{"alt_text":"","src":"https:\/\/i0.wp.com\/www.virgendelacabezacolomera.org\/wp-content\/uploads\/2019\/02\/Cartel-Vigen-de-la-Cabeza-de-Colomera-1.jpg?fit=842%2C1200&ssl=1&resize=350%2C200","width":350,"height":200,"srcset":"https:\/\/i0.wp.com\/www.virgendelacabezacolomera.org\/wp-content\/uploads\/2019\/02\/Cartel-Vigen-de-la-Cabeza-de-Colomera-1.jpg?fit=842%2C1200&ssl=1&resize=350%2C200 1x, https:\/\/i0.wp.com\/www.virgendelacabezacolomera.org\/wp-content\/uploads\/2019\/02\/Cartel-Vigen-de-la-Cabeza-de-Colomera-1.jpg?fit=842%2C1200&ssl=1&resize=525%2C300 1.5x, https:\/\/i0.wp.com\/www.virgendelacabezacolomera.org\/wp-content\/uploads\/2019\/02\/Cartel-Vigen-de-la-Cabeza-de-Colomera-1.jpg?fit=842%2C1200&ssl=1&resize=700%2C400 2x"},"classes":[]},{"id":285,"url":"https:\/\/www.virgendelacabezacolomera.org\/?p=285","url_meta":{"origin":260,"position":1},"title":"Programa Romer\u00eda Chica 2019","author":"admin","date":"28\/06\/2019","format":false,"excerpt":"","rel":"","context":"En \u00abNoticias\u00bb","block_context":{"text":"Noticias","link":"https:\/\/www.virgendelacabezacolomera.org\/?cat=5"},"img":{"alt_text":"","src":"https:\/\/i0.wp.com\/www.virgendelacabezacolomera.org\/wp-content\/uploads\/2019\/06\/Programa-Romer%C3%ADa-Chica-29-06-2019.jpg?resize=350%2C200&ssl=1","width":350,"height":200,"srcset":"https:\/\/i0.wp.com\/www.virgendelacabezacolomera.org\/wp-content\/uploads\/2019\/06\/Programa-Romer%C3%ADa-Chica-29-06-2019.jpg?resize=350%2C200&ssl=1 1x, https:\/\/i0.wp.com\/www.virgendelacabezacolomera.org\/wp-content\/uploads\/2019\/06\/Programa-Romer%C3%ADa-Chica-29-06-2019.jpg?resize=525%2C300&ssl=1 1.5x, https:\/\/i0.wp.com\/www.virgendelacabezacolomera.org\/wp-content\/uploads\/2019\/06\/Programa-Romer%C3%ADa-Chica-29-06-2019.jpg?resize=700%2C400&ssl=1 2x, https:\/\/i0.wp.com\/www.virgendelacabezacolomera.org\/wp-content\/uploads\/2019\/06\/Programa-Romer%C3%ADa-Chica-29-06-2019.jpg?resize=1050%2C600&ssl=1 3x"},"classes":[]},{"id":277,"url":"https:\/\/www.virgendelacabezacolomera.org\/?p=277","url_meta":{"origin":260,"position":2},"title":"Cartel Romer\u00eda Chica 2019","author":"admin","date":"28\/06\/2019","format":false,"excerpt":"","rel":"","context":"En \u00abNoticias\u00bb","block_context":{"text":"Noticias","link":"https:\/\/www.virgendelacabezacolomera.org\/?cat=5"},"img":{"alt_text":"","src":"https:\/\/i0.wp.com\/www.virgendelacabezacolomera.org\/wp-content\/uploads\/2019\/06\/Cartel-Romer%C3%ADa-Chica-29-06-2019.jpg?resize=350%2C200&ssl=1","width":350,"height":200,"srcset":"https:\/\/i0.wp.com\/www.virgendelacabezacolomera.org\/wp-content\/uploads\/2019\/06\/Cartel-Romer%C3%ADa-Chica-29-06-2019.jpg?resize=350%2C200&ssl=1 1x, https:\/\/i0.wp.com\/www.virgendelacabezacolomera.org\/wp-content\/uploads\/2019\/06\/Cartel-Romer%C3%ADa-Chica-29-06-2019.jpg?resize=525%2C300&ssl=1 1.5x, https:\/\/i0.wp.com\/www.virgendelacabezacolomera.org\/wp-content\/uploads\/2019\/06\/Cartel-Romer%C3%ADa-Chica-29-06-2019.jpg?resize=700%2C400&ssl=1 2x, https:\/\/i0.wp.com\/www.virgendelacabezacolomera.org\/wp-content\/uploads\/2019\/06\/Cartel-Romer%C3%ADa-Chica-29-06-2019.jpg?resize=1050%2C600&ssl=1 3x"},"classes":[]},{"id":274,"url":"https:\/\/www.virgendelacabezacolomera.org\/?p=274","url_meta":{"origin":260,"position":3},"title":"Cartel Romer\u00eda Virgen de la Cabeza 2019","author":"admin","date":"09\/04\/2019","format":false,"excerpt":"","rel":"","context":"En \u00abNoticias\u00bb","block_context":{"text":"Noticias","link":"https:\/\/www.virgendelacabezacolomera.org\/?cat=5"},"img":{"alt_text":"","src":"https:\/\/i0.wp.com\/www.virgendelacabezacolomera.org\/wp-content\/uploads\/2019\/02\/Cartel-Vigen-de-la-Cabeza-de-Colomera-1.jpg?resize=350%2C200&ssl=1","width":350,"height":200,"srcset":"https:\/\/i0.wp.com\/www.virgendelacabezacolomera.org\/wp-content\/uploads\/2019\/02\/Cartel-Vigen-de-la-Cabeza-de-Colomera-1.jpg?resize=350%2C200&ssl=1 1x, https:\/\/i0.wp.com\/www.virgendelacabezacolomera.org\/wp-content\/uploads\/2019\/02\/Cartel-Vigen-de-la-Cabeza-de-Colomera-1.jpg?resize=525%2C300&ssl=1 1.5x, https:\/\/i0.wp.com\/www.virgendelacabezacolomera.org\/wp-content\/uploads\/2019\/02\/Cartel-Vigen-de-la-Cabeza-de-Colomera-1.jpg?resize=700%2C400&ssl=1 2x, https:\/\/i0.wp.com\/www.virgendelacabezacolomera.org\/wp-content\/uploads\/2019\/02\/Cartel-Vigen-de-la-Cabeza-de-Colomera-1.jpg?resize=1050%2C600&ssl=1 3x"},"classes":[]},{"id":270,"url":"https:\/\/www.virgendelacabezacolomera.org\/?p=270","url_meta":{"origin":260,"position":4},"title":"Fecha Romer\u00eda Chica 2019","author":"admin","date":"09\/04\/2019","format":false,"excerpt":"La Directiva de la Real Cofrad\u00eda de la Virgen de la Cabeza de Colomera informa: Que la fecha para realizar la Romer\u00eda Chica, ser\u00e1 el 29 de junio del a\u00f1o en curso.","rel":"","context":"En \u00abNoticias\u00bb","block_context":{"text":"Noticias","link":"https:\/\/www.virgendelacabezacolomera.org\/?cat=5"},"img":{"alt_text":"","src":"","width":0,"height":0},"classes":[]},{"id":327,"url":"https:\/\/www.virgendelacabezacolomera.org\/?p=327","url_meta":{"origin":260,"position":5},"title":"Cartel Romer\u00eda Virgen de la Cabeza Colomera 2020","author":"admin","date":"24\/02\/2020","format":false,"excerpt":"","rel":"","context":"En \u00abNoticias\u00bb","block_context":{"text":"Noticias","link":"https:\/\/www.virgendelacabezacolomera.org\/?cat=5"},"img":{"alt_text":"","src":"https:\/\/i0.wp.com\/www.virgendelacabezacolomera.org\/wp-content\/uploads\/2020\/02\/Cartel-Virgen-de-la-Cabeza-Colomera-Romer%C3%ADa-2020-3.jpg?fit=857%2C1200&ssl=1&resize=350%2C200","width":350,"height":200,"srcset":"https:\/\/i0.wp.com\/www.virgendelacabezacolomera.org\/wp-content\/uploads\/2020\/02\/Cartel-Virgen-de-la-Cabeza-Colomera-Romer%C3%ADa-2020-3.jpg?fit=857%2C1200&ssl=1&resize=350%2C200 1x, https:\/\/i0.wp.com\/www.virgendelacabezacolomera.org\/wp-content\/uploads\/2020\/02\/Cartel-Virgen-de-la-Cabeza-Colomera-Romer%C3%ADa-2020-3.jpg?fit=857%2C1200&ssl=1&resize=525%2C300 1.5x, https:\/\/i0.wp.com\/www.virgendelacabezacolomera.org\/wp-content\/uploads\/2020\/02\/Cartel-Virgen-de-la-Cabeza-Colomera-Romer%C3%ADa-2020-3.jpg?fit=857%2C1200&ssl=1&resize=700%2C400 2x"},"classes":[]}],"_links":{"self":[{"href":"https:\/\/www.virgendelacabezacolomera.org\/index.php?rest_route=\/wp\/v2\/posts\/260","targetHints":{"allow":["GET"]}}],"collection":[{"href":"https:\/\/www.virgendelacabezacolomera.org\/index.php?rest_route=\/wp\/v2\/posts"}],"about":[{"href":"https:\/\/www.virgendelacabezacolomera.org\/index.php?rest_route=\/wp\/v2\/types\/post"}],"author":[{"embeddable":true,"href":"https:\/\/www.virgendelacabezacolomera.org\/index.php?rest_route=\/wp\/v2\/users\/1"}],"replies":[{"embeddable":true,"href":"https:\/\/www.virgendelacabezacolomera.org\/index.php?rest_route=%2Fwp%2Fv2%2Fcomments&post=260"}],"version-history":[{"count":1,"href":"https:\/\/www.virgendelacabezacolomera.org\/index.php?rest_route=\/wp\/v2\/posts\/260\/revisions"}],"predecessor-version":[{"id":264,"href":"https:\/\/www.virgendelacabezacolomera.org\/index.php?rest_route=\/wp\/v2\/posts\/260\/revisions\/264"}],"wp:attachment":[{"href":"https:\/\/www.virgendelacabezacolomera.org\/index.php?rest_route=%2Fwp%2Fv2%2Fmedia&parent=260"}],"wp:term":[{"taxonomy":"category","embeddable":true,"href":"https:\/\/www.virgendelacabezacolomera.org\/index.php?rest_route=%2Fwp%2Fv2%2Fcategories&post=260"},{"taxonomy":"post_tag","embeddable":true,"href":"https:\/\/www.virgendelacabezacolomera.org\/index.php?rest_route=%2Fwp%2Fv2%2Ftags&post=260"}],"curies":[{"name":"wp","href":"https:\/\/api.w.org\/{rel}","templated":true}]}}