{"id":270,"date":"2019-04-09T13:26:31","date_gmt":"2019-04-09T13:26:31","guid":{"rendered":"https:\/\/www.virgendelacabezacolomera.org\/?p=270"},"modified":"2025-03-05T12:53:38","modified_gmt":"2025-03-05T12:53:38","slug":"romeria-chica-2019","status":"publish","type":"post","link":"https:\/\/www.virgendelacabezacolomera.org\/?p=270","title":{"rendered":"Fecha Romer\u00eda Chica 2019"},"content":{"rendered":"\n<p>La Directiva de la Real Cofrad\u00eda de la Virgen de la Cabeza de Colomera informa: <\/p>\n\n\n\n<p>Que la fecha para realizar la Romer\u00eda Chica, ser\u00e1 el 29 de junio del a\u00f1o en curso. <\/p>\n","protected":false},"excerpt":{"rendered":"<p>La Directiva de la Real Cofrad\u00eda de la Virgen de la Cabeza de Colomera informa: Que la fecha para realizar la Romer\u00eda Chica, ser\u00e1 el 29 de junio del a\u00f1o en curso.<\/p>\n","protected":false},"author":1,"featured_media":0,"comment_status":"closed","ping_status":"closed","sticky":false,"template":"","format":"standard","meta":{"neve_meta_sidebar":"","neve_meta_container":"","neve_meta_enable_content_width":"","neve_meta_content_width":0,"neve_meta_title_alignment":"","neve_meta_author_avatar":"","neve_post_elements_order":"","neve_meta_disable_header":"","neve_meta_disable_footer":"","neve_meta_disable_title":"","jetpack_post_was_ever_published":false,"_jetpack_newsletter_access":"","_jetpack_dont_email_post_to_subs":false,"_jetpack_newsletter_tier_id":0,"_jetpack_memberships_contains_paywalled_content":false,"_jetpack_memberships_contains_paid_content":false,"footnotes":"","jetpack_publicize_message":"","jetpack_publicize_feature_enabled":true,"jetpack_social_post_already_shared":true,"jetpack_social_options":{"image_generator_settings":{"template":"highway","default_image_id":0,"font":"","enabled":false},"version":2}},"categories":[5],"tags":[],"class_list":["post-270","post","type-post","status-publish","format-standard","hentry","category-noticias"],"jetpack_publicize_connections":[],"jetpack_featured_media_url":"","jetpack_sharing_enabled":true,"jetpack_shortlink":"https:\/\/wp.me\/paxVsa-4m","jetpack-related-posts":[{"id":285,"url":"https:\/\/www.virgendelacabezacolomera.org\/?p=285","url_meta":{"origin":270,"position":0},"title":"Programa Romer\u00eda Chica 2019","author":"admin","date":"28\/06\/2019","format":false,"excerpt":"","rel":"","context":"En \u00abNoticias\u00bb","block_context":{"text":"Noticias","link":"https:\/\/www.virgendelacabezacolomera.org\/?cat=5"},"img":{"alt_text":"","src":"https:\/\/i0.wp.com\/www.virgendelacabezacolomera.org\/wp-content\/uploads\/2019\/06\/Programa-Romer%C3%ADa-Chica-29-06-2019.jpg?resize=350%2C200&ssl=1","width":350,"height":200,"srcset":"https:\/\/i0.wp.com\/www.virgendelacabezacolomera.org\/wp-content\/uploads\/2019\/06\/Programa-Romer%C3%ADa-Chica-29-06-2019.jpg?resize=350%2C200&ssl=1 1x, https:\/\/i0.wp.com\/www.virgendelacabezacolomera.org\/wp-content\/uploads\/2019\/06\/Programa-Romer%C3%ADa-Chica-29-06-2019.jpg?resize=525%2C300&ssl=1 1.5x, https:\/\/i0.wp.com\/www.virgendelacabezacolomera.org\/wp-content\/uploads\/2019\/06\/Programa-Romer%C3%ADa-Chica-29-06-2019.jpg?resize=700%2C400&ssl=1 2x, https:\/\/i0.wp.com\/www.virgendelacabezacolomera.org\/wp-content\/uploads\/2019\/06\/Programa-Romer%C3%ADa-Chica-29-06-2019.jpg?resize=1050%2C600&ssl=1 3x"},"classes":[]},{"id":277,"url":"https:\/\/www.virgendelacabezacolomera.org\/?p=277","url_meta":{"origin":270,"position":1},"title":"Cartel Romer\u00eda Chica 2019","author":"admin","date":"28\/06\/2019","format":false,"excerpt":"","rel":"","context":"En \u00abNoticias\u00bb","block_context":{"text":"Noticias","link":"https:\/\/www.virgendelacabezacolomera.org\/?cat=5"},"img":{"alt_text":"","src":"https:\/\/i0.wp.com\/www.virgendelacabezacolomera.org\/wp-content\/uploads\/2019\/06\/Cartel-Romer%C3%ADa-Chica-29-06-2019.jpg?resize=350%2C200&ssl=1","width":350,"height":200,"srcset":"https:\/\/i0.wp.com\/www.virgendelacabezacolomera.org\/wp-content\/uploads\/2019\/06\/Cartel-Romer%C3%ADa-Chica-29-06-2019.jpg?resize=350%2C200&ssl=1 1x, https:\/\/i0.wp.com\/www.virgendelacabezacolomera.org\/wp-content\/uploads\/2019\/06\/Cartel-Romer%C3%ADa-Chica-29-06-2019.jpg?resize=525%2C300&ssl=1 1.5x, https:\/\/i0.wp.com\/www.virgendelacabezacolomera.org\/wp-content\/uploads\/2019\/06\/Cartel-Romer%C3%ADa-Chica-29-06-2019.jpg?resize=700%2C400&ssl=1 2x, https:\/\/i0.wp.com\/www.virgendelacabezacolomera.org\/wp-content\/uploads\/2019\/06\/Cartel-Romer%C3%ADa-Chica-29-06-2019.jpg?resize=1050%2C600&ssl=1 3x"},"classes":[]},{"id":587,"url":"https:\/\/www.virgendelacabezacolomera.org\/?p=587","url_meta":{"origin":270,"position":2},"title":"Presentaci\u00f3n Cartel de Romer\u00eda 2025","author":"admin","date":"05\/03\/2025","format":false,"excerpt":"Con muchas ganas, os presentamos el cartel que anuncia la Romer\u00eda que se acerca. Gracias Juan Javier Mart\u00ednez Delgado por su trabajo un a\u00f1o m\u00e1s. \u00a1Esperamos que os guste!","rel":"","context":"En \u00abNoticias\u00bb","block_context":{"text":"Noticias","link":"https:\/\/www.virgendelacabezacolomera.org\/?cat=5"},"img":{"alt_text":"","src":"https:\/\/i0.wp.com\/www.virgendelacabezacolomera.org\/wp-content\/uploads\/2025\/03\/CARTEL-2025-BUENO-1.jpg?resize=350%2C200&ssl=1","width":350,"height":200,"srcset":"https:\/\/i0.wp.com\/www.virgendelacabezacolomera.org\/wp-content\/uploads\/2025\/03\/CARTEL-2025-BUENO-1.jpg?resize=350%2C200&ssl=1 1x, https:\/\/i0.wp.com\/www.virgendelacabezacolomera.org\/wp-content\/uploads\/2025\/03\/CARTEL-2025-BUENO-1.jpg?resize=525%2C300&ssl=1 1.5x, https:\/\/i0.wp.com\/www.virgendelacabezacolomera.org\/wp-content\/uploads\/2025\/03\/CARTEL-2025-BUENO-1.jpg?resize=700%2C400&ssl=1 2x, https:\/\/i0.wp.com\/www.virgendelacabezacolomera.org\/wp-content\/uploads\/2025\/03\/CARTEL-2025-BUENO-1.jpg?resize=1050%2C600&ssl=1 3x"},"classes":[]},{"id":246,"url":"https:\/\/www.virgendelacabezacolomera.org\/?p=246","url_meta":{"origin":270,"position":3},"title":"Presentaci\u00f3n Cartel Romer\u00eda 2019","author":"admin","date":"17\/02\/2019","format":"image","excerpt":"La Junta de Gobierno de la Real e Ilustre Cofrad\u00eda Virgen de la Cabeza de Colomera, di\u00f3 ayer s\u00e1bado 16 de febrero, el visto bueno al Cartel de la Romer\u00eda de la Virgen de la Cabeza de Colomera.","rel":"","context":"En \u00abNoticias\u00bb","block_context":{"text":"Noticias","link":"https:\/\/www.virgendelacabezacolomera.org\/?cat=5"},"img":{"alt_text":"","src":"https:\/\/i0.wp.com\/www.virgendelacabezacolomera.org\/wp-content\/uploads\/2019\/02\/Cartel-Vigen-de-la-Cabeza-de-Colomera-1.jpg?fit=842%2C1200&ssl=1&resize=350%2C200","width":350,"height":200,"srcset":"https:\/\/i0.wp.com\/www.virgendelacabezacolomera.org\/wp-content\/uploads\/2019\/02\/Cartel-Vigen-de-la-Cabeza-de-Colomera-1.jpg?fit=842%2C1200&ssl=1&resize=350%2C200 1x, https:\/\/i0.wp.com\/www.virgendelacabezacolomera.org\/wp-content\/uploads\/2019\/02\/Cartel-Vigen-de-la-Cabeza-de-Colomera-1.jpg?fit=842%2C1200&ssl=1&resize=525%2C300 1.5x, https:\/\/i0.wp.com\/www.virgendelacabezacolomera.org\/wp-content\/uploads\/2019\/02\/Cartel-Vigen-de-la-Cabeza-de-Colomera-1.jpg?fit=842%2C1200&ssl=1&resize=700%2C400 2x"},"classes":[]},{"id":274,"url":"https:\/\/www.virgendelacabezacolomera.org\/?p=274","url_meta":{"origin":270,"position":4},"title":"Cartel Romer\u00eda Virgen de la Cabeza 2019","author":"admin","date":"09\/04\/2019","format":false,"excerpt":"","rel":"","context":"En \u00abNoticias\u00bb","block_context":{"text":"Noticias","link":"https:\/\/www.virgendelacabezacolomera.org\/?cat=5"},"img":{"alt_text":"","src":"https:\/\/i0.wp.com\/www.virgendelacabezacolomera.org\/wp-content\/uploads\/2019\/02\/Cartel-Vigen-de-la-Cabeza-de-Colomera-1.jpg?resize=350%2C200&ssl=1","width":350,"height":200,"srcset":"https:\/\/i0.wp.com\/www.virgendelacabezacolomera.org\/wp-content\/uploads\/2019\/02\/Cartel-Vigen-de-la-Cabeza-de-Colomera-1.jpg?resize=350%2C200&ssl=1 1x, https:\/\/i0.wp.com\/www.virgendelacabezacolomera.org\/wp-content\/uploads\/2019\/02\/Cartel-Vigen-de-la-Cabeza-de-Colomera-1.jpg?resize=525%2C300&ssl=1 1.5x, https:\/\/i0.wp.com\/www.virgendelacabezacolomera.org\/wp-content\/uploads\/2019\/02\/Cartel-Vigen-de-la-Cabeza-de-Colomera-1.jpg?resize=700%2C400&ssl=1 2x, https:\/\/i0.wp.com\/www.virgendelacabezacolomera.org\/wp-content\/uploads\/2019\/02\/Cartel-Vigen-de-la-Cabeza-de-Colomera-1.jpg?resize=1050%2C600&ssl=1 3x"},"classes":[]},{"id":327,"url":"https:\/\/www.virgendelacabezacolomera.org\/?p=327","url_meta":{"origin":270,"position":5},"title":"Cartel Romer\u00eda Virgen de la Cabeza Colomera 2020","author":"admin","date":"24\/02\/2020","format":false,"excerpt":"","rel":"","context":"En \u00abNoticias\u00bb","block_context":{"text":"Noticias","link":"https:\/\/www.virgendelacabezacolomera.org\/?cat=5"},"img":{"alt_text":"","src":"https:\/\/i0.wp.com\/www.virgendelacabezacolomera.org\/wp-content\/uploads\/2020\/02\/Cartel-Virgen-de-la-Cabeza-Colomera-Romer%C3%ADa-2020-3.jpg?fit=857%2C1200&ssl=1&resize=350%2C200","width":350,"height":200,"srcset":"https:\/\/i0.wp.com\/www.virgendelacabezacolomera.org\/wp-content\/uploads\/2020\/02\/Cartel-Virgen-de-la-Cabeza-Colomera-Romer%C3%ADa-2020-3.jpg?fit=857%2C1200&ssl=1&resize=350%2C200 1x, https:\/\/i0.wp.com\/www.virgendelacabezacolomera.org\/wp-content\/uploads\/2020\/02\/Cartel-Virgen-de-la-Cabeza-Colomera-Romer%C3%ADa-2020-3.jpg?fit=857%2C1200&ssl=1&resize=525%2C300 1.5x, https:\/\/i0.wp.com\/www.virgendelacabezacolomera.org\/wp-content\/uploads\/2020\/02\/Cartel-Virgen-de-la-Cabeza-Colomera-Romer%C3%ADa-2020-3.jpg?fit=857%2C1200&ssl=1&resize=700%2C400 2x"},"classes":[]}],"_links":{"self":[{"href":"https:\/\/www.virgendelacabezacolomera.org\/index.php?rest_route=\/wp\/v2\/posts\/270","targetHints":{"allow":["GET"]}}],"collection":[{"href":"https:\/\/www.virgendelacabezacolomera.org\/index.php?rest_route=\/wp\/v2\/posts"}],"about":[{"href":"https:\/\/www.virgendelacabezacolomera.org\/index.php?rest_route=\/wp\/v2\/types\/post"}],"author":[{"embeddable":true,"href":"https:\/\/www.virgendelacabezacolomera.org\/index.php?rest_route=\/wp\/v2\/users\/1"}],"replies":[{"embeddable":true,"href":"https:\/\/www.virgendelacabezacolomera.org\/index.php?rest_route=%2Fwp%2Fv2%2Fcomments&post=270"}],"version-history":[{"count":2,"href":"https:\/\/www.virgendelacabezacolomera.org\/index.php?rest_route=\/wp\/v2\/posts\/270\/revisions"}],"predecessor-version":[{"id":455,"href":"https:\/\/www.virgendelacabezacolomera.org\/index.php?rest_route=\/wp\/v2\/posts\/270\/revisions\/455"}],"wp:attachment":[{"href":"https:\/\/www.virgendelacabezacolomera.org\/index.php?rest_route=%2Fwp%2Fv2%2Fmedia&parent=270"}],"wp:term":[{"taxonomy":"category","embeddable":true,"href":"https:\/\/www.virgendelacabezacolomera.org\/index.php?rest_route=%2Fwp%2Fv2%2Fcategories&post=270"},{"taxonomy":"post_tag","embeddable":true,"href":"https:\/\/www.virgendelacabezacolomera.org\/index.php?rest_route=%2Fwp%2Fv2%2Ftags&post=270"}],"curies":[{"name":"wp","href":"https:\/\/api.w.org\/{rel}","templated":true}]}}